{"id":10049,"date":"2021-06-04T11:54:46","date_gmt":"2021-06-04T09:54:46","guid":{"rendered":"https:\/\/m-e-e-r.de\/?p=10049"},"modified":"2023-11-22T10:17:37","modified_gmt":"2023-11-22T09:17:37","slug":"de-luto-por-manolo-carrillo","status":"publish","type":"post","link":"https:\/\/m-e-e-r.de\/es\/de-luto-por-manolo-carrillo\/","title":{"rendered":"De luto por Manolo Carrillo"},"content":{"rendered":"<div id=\"attachment_9832\" style=\"width: 310px\" class=\"wp-caption alignright\"><a href=\"https:\/\/m-e-e-r.de\/wp-content\/uploads\/2021\/06\/ManoloCarrillo.jpg\"><img aria-describedby=\"caption-attachment-9832\" fetchpriority=\"high\" class=\"wp-image-9832 size-medium\" src=\"https:\/\/m-e-e-r.de\/wp-content\/uploads\/2021\/06\/ManoloCarrillo-300x300.jpg\" alt=\"\" width=\"300\" height=\"300\" srcset=\"https:\/\/m-e-e-r.de\/wp-content\/uploads\/2021\/06\/ManoloCarrillo-300x300.jpg 300w, https:\/\/m-e-e-r.de\/wp-content\/uploads\/2021\/06\/ManoloCarrillo-150x150.jpg 150w, https:\/\/m-e-e-r.de\/wp-content\/uploads\/2021\/06\/ManoloCarrillo-400x400.jpg 400w, https:\/\/m-e-e-r.de\/wp-content\/uploads\/2021\/06\/ManoloCarrillo.jpg 432w\" sizes=\"(max-width: 300px) 100vw, 300px\" \/><\/a><p id=\"caption-attachment-9832\" class=\"wp-caption-text\">Manolo Carrillo<\/p><\/div>\n<p>Manuel (\u00abManolo\u00bb) Carrillo dirigi\u00f3 la ONG Canarias Conservaci\u00f3n, con sede en Tenerife, y fue uno de los principales cet\u00f3logos de las islas. Contribuy\u00f3 de manera fundamental a la investigaci\u00f3n de los numerosos cachalotes muertos por golpes con barcos y varados en la costa de Tenerife y dirigi\u00f3 la Red Canaria de Varamientos de Cet\u00e1ceos. Su aportaci\u00f3n a la cetolog\u00eda, tanto en el nivel regional como nacional, es inestimable. Falleci\u00f3 tras una corta y grave enfermedad.<\/p>\n<p>M.E.E.R. ha colaborado en muchas ocasiones con Manolo. Consideramos a Canarias Conservaci\u00f3n como una de nuestras organizaciones colaboradoras. Entre otras cosas, publicamos conjuntamente importantes art\u00edculos cient\u00edficos que enriquecieron los conocimientos sobre el problema de las encontronazos entre barcos y ballenas, y pusieron la cuesti\u00f3n en el punto de mira de organizaciones internacionales como la Comisi\u00f3n Ballenera Internacional (CBI). Sus acciones siempre estuvieron impulsadas por el deseo de mejorar la protecci\u00f3n de las ballenas. Tuvo tanto \u00e9xito como pat\u00f3logo que como divulgador. Tambi\u00e9n se hizo conocido por vario proyectos, como las impresionantes instalaciones de esqueletos de ballenas que inici\u00f3 y que ahora pueden verse en muchos lugares de las Islas Canarias.<\/p>\n<p>En la exposici\u00f3n del M.E.E.R. sobre las ballenas y los delfines de las Islas Canarias, hay impactantes huesos de ballena, por ejemplo, la costilla y la v\u00e9rtebra de un cachalote. Estas proceden de una ballena varada en Tenerife, y nos fueron facilitadas amablemente de forma gratuita y permanente por Canarias Conservaci\u00f3n. Esto demuestra por s\u00ed solo la apertura y la voluntad de cooperaci\u00f3n con la que Manolo recibi\u00f3 y apoy\u00f3 a los dem\u00e1s.<\/p>\n<p><a href=\"https:\/\/m-e-e-r.de\/wp-content\/uploads\/2021\/06\/Manolo_Wal_Skelett.jpg\"><img class=\"size-medium wp-image-9829 aligncenter\" src=\"https:\/\/m-e-e-r.de\/wp-content\/uploads\/2021\/06\/Manolo_Wal_Skelett-300x224.jpg\" alt=\"\" width=\"300\" height=\"224\" srcset=\"https:\/\/m-e-e-r.de\/wp-content\/uploads\/2021\/06\/Manolo_Wal_Skelett-300x224.jpg 300w, https:\/\/m-e-e-r.de\/wp-content\/uploads\/2021\/06\/Manolo_Wal_Skelett-400x300.jpg 400w, https:\/\/m-e-e-r.de\/wp-content\/uploads\/2021\/06\/Manolo_Wal_Skelett.jpg 535w\" sizes=\"(max-width: 300px) 100vw, 300px\" \/><\/a><\/p>\n<p>Su muerte es una amarga p\u00e9rdida y, aunque ciertamente algunos lo describir\u00edan como un \u00abtipo pele\u00f3n\u00bb, siempre trabajamos juntos de una manera extraordinariamente buena y sin complicaciones. Lo echaremos mucho de menos.<\/p>\n<p>Como ha se\u00f1alado acertadamente Natacha Aguilar, una cet\u00f3loga canaria: \u00ab\u00a1Ahora tenemos que ganar la batalla contra las golpes entre barcos y ballenas en Canarias en honor a Manolo!\u00bb Cumpliremos con nuestra parte para rendirle este homenaje.<\/p>\n<p>Manolo, \u00a1descansa en paz!<\/p>\n<p>&nbsp;<\/p>\n","protected":false},"excerpt":{"rendered":"<p>Manuel (\u00abManolo\u00bb) Carrillo dirigi\u00f3 la ONG Canarias Conservaci\u00f3n, con sede en Tenerife, y fue uno de los principales cet\u00f3logos de las islas. Contribuy\u00f3 de manera fundamental a la investigaci\u00f3n de los numerosos cachalotes muertos por golpes con barcos y varados en la costa de Tenerife y dirigi\u00f3 la Red Canaria de Varamientos de Cet\u00e1ceos. Su&#8230; <\/p>\n<div class=\"clear\"><\/div>\n<p><a href=\"https:\/\/m-e-e-r.de\/es\/de-luto-por-manolo-carrillo\/\" class=\"excerpt-read-more\">Continue Reading<i class=\"fa fa-long-arrow-right icon-long-arrow-right\"><\/i><\/a><\/p>\n","protected":false},"author":15,"featured_media":9828,"comment_status":"closed","ping_status":"closed","sticky":false,"template":"","format":"standard","meta":[],"categories":[62],"tags":[],"yoast_head":"<!-- This site is optimized with the Yoast SEO plugin v20.6 - https:\/\/yoast.com\/wordpress\/plugins\/seo\/ -->\n<title>De luto por Manolo Carrillo - MEER eV<\/title>\n<meta name=\"robots\" content=\"index, follow, max-snippet:-1, max-image-preview:large, max-video-preview:-1\" \/>\n<link rel=\"canonical\" href=\"https:\/\/m-e-e-r.de\/es\/de-luto-por-manolo-carrillo\/\" \/>\n<meta property=\"og:locale\" content=\"es_ES\" \/>\n<meta property=\"og:type\" content=\"article\" \/>\n<meta property=\"og:title\" content=\"De luto por Manolo Carrillo - MEER eV\" \/>\n<meta property=\"og:description\" content=\"Manuel (\u00abManolo\u00bb) Carrillo dirigi\u00f3 la ONG Canarias Conservaci\u00f3n, con sede en Tenerife, y fue uno de los principales cet\u00f3logos de las islas. Contribuy\u00f3 de manera fundamental a la investigaci\u00f3n de los numerosos cachalotes muertos por golpes con barcos y varados en la costa de Tenerife y dirigi\u00f3 la Red Canaria de Varamientos de Cet\u00e1ceos. Su... Continue Reading\" \/>\n<meta property=\"og:url\" content=\"https:\/\/m-e-e-r.de\/es\/de-luto-por-manolo-carrillo\/\" \/>\n<meta property=\"og:site_name\" content=\"MEER eV\" \/>\n<meta property=\"article:publisher\" content=\"https:\/\/www.facebook.com\/meer.ev\/\" \/>\n<meta property=\"article:published_time\" content=\"2021-06-04T09:54:46+00:00\" \/>\n<meta property=\"article:modified_time\" content=\"2023-11-22T09:17:37+00:00\" \/>\n<meta property=\"og:image\" content=\"https:\/\/m-e-e-r.de\/wp-content\/uploads\/2021\/06\/Manolo_Wal_klein.png\" \/>\n\t<meta property=\"og:image:width\" content=\"402\" \/>\n\t<meta property=\"og:image:height\" content=\"300\" \/>\n\t<meta property=\"og:image:type\" content=\"image\/png\" \/>\n<meta name=\"author\" content=\"Christina Sommer\" \/>\n<meta name=\"twitter:card\" content=\"summary_large_image\" \/>\n<meta name=\"twitter:label1\" content=\"Escrito por\" \/>\n\t<meta name=\"twitter:data1\" content=\"Christina Sommer\" \/>\n\t<meta name=\"twitter:label2\" content=\"Tiempo de lectura\" \/>\n\t<meta name=\"twitter:data2\" content=\"3 minutos\" \/>\n<script type=\"application\/ld+json\" class=\"yoast-schema-graph\">{\"@context\":\"https:\/\/schema.org\",\"@graph\":[{\"@type\":\"WebPage\",\"@id\":\"https:\/\/m-e-e-r.de\/es\/de-luto-por-manolo-carrillo\/\",\"url\":\"https:\/\/m-e-e-r.de\/es\/de-luto-por-manolo-carrillo\/\",\"name\":\"De luto por Manolo Carrillo - MEER eV\",\"isPartOf\":{\"@id\":\"https:\/\/m-e-e-r.de\/#website\"},\"datePublished\":\"2021-06-04T09:54:46+00:00\",\"dateModified\":\"2023-11-22T09:17:37+00:00\",\"author\":{\"@id\":\"https:\/\/m-e-e-r.de\/#\/schema\/person\/a189d0fda8066aab91ec1059463d2444\"},\"breadcrumb\":{\"@id\":\"https:\/\/m-e-e-r.de\/es\/de-luto-por-manolo-carrillo\/#breadcrumb\"},\"inLanguage\":\"es\",\"potentialAction\":[{\"@type\":\"ReadAction\",\"target\":[\"https:\/\/m-e-e-r.de\/es\/de-luto-por-manolo-carrillo\/\"]}]},{\"@type\":\"BreadcrumbList\",\"@id\":\"https:\/\/m-e-e-r.de\/es\/de-luto-por-manolo-carrillo\/#breadcrumb\",\"itemListElement\":[{\"@type\":\"ListItem\",\"position\":1,\"name\":\"Startseite\",\"item\":\"https:\/\/m-e-e-r.de\/es\/\"},{\"@type\":\"ListItem\",\"position\":2,\"name\":\"De luto por Manolo Carrillo\"}]},{\"@type\":\"WebSite\",\"@id\":\"https:\/\/m-e-e-r.de\/#website\",\"url\":\"https:\/\/m-e-e-r.de\/\",\"name\":\"Verein zum Schutz der Wale und Delfine vor La Gomera\",\"description\":\"Verein zum Schutz der Wale und Delfine vor La Gomera\",\"potentialAction\":[{\"@type\":\"SearchAction\",\"target\":{\"@type\":\"EntryPoint\",\"urlTemplate\":\"https:\/\/m-e-e-r.de\/?s={search_term_string}\"},\"query-input\":\"required name=search_term_string\"}],\"inLanguage\":\"es\"},{\"@type\":\"Person\",\"@id\":\"https:\/\/m-e-e-r.de\/#\/schema\/person\/a189d0fda8066aab91ec1059463d2444\",\"name\":\"Christina Sommer\",\"url\":\"https:\/\/m-e-e-r.de\/es\/author\/sommer\/\"}]}<\/script>\n<!-- \/ Yoast SEO plugin. -->","yoast_head_json":{"title":"De luto por Manolo Carrillo - MEER eV","robots":{"index":"index","follow":"follow","max-snippet":"max-snippet:-1","max-image-preview":"max-image-preview:large","max-video-preview":"max-video-preview:-1"},"canonical":"https:\/\/m-e-e-r.de\/es\/de-luto-por-manolo-carrillo\/","og_locale":"es_ES","og_type":"article","og_title":"De luto por Manolo Carrillo - MEER eV","og_description":"Manuel (\u00abManolo\u00bb) Carrillo dirigi\u00f3 la ONG Canarias Conservaci\u00f3n, con sede en Tenerife, y fue uno de los principales cet\u00f3logos de las islas. Contribuy\u00f3 de manera fundamental a la investigaci\u00f3n de los numerosos cachalotes muertos por golpes con barcos y varados en la costa de Tenerife y dirigi\u00f3 la Red Canaria de Varamientos de Cet\u00e1ceos. Su... Continue Reading","og_url":"https:\/\/m-e-e-r.de\/es\/de-luto-por-manolo-carrillo\/","og_site_name":"MEER eV","article_publisher":"https:\/\/www.facebook.com\/meer.ev\/","article_published_time":"2021-06-04T09:54:46+00:00","article_modified_time":"2023-11-22T09:17:37+00:00","og_image":[{"width":402,"height":300,"url":"https:\/\/m-e-e-r.de\/wp-content\/uploads\/2021\/06\/Manolo_Wal_klein.png","type":"image\/png"}],"author":"Christina Sommer","twitter_card":"summary_large_image","twitter_misc":{"Escrito por":"Christina Sommer","Tiempo de lectura":"3 minutos"},"schema":{"@context":"https:\/\/schema.org","@graph":[{"@type":"WebPage","@id":"https:\/\/m-e-e-r.de\/es\/de-luto-por-manolo-carrillo\/","url":"https:\/\/m-e-e-r.de\/es\/de-luto-por-manolo-carrillo\/","name":"De luto por Manolo Carrillo - MEER eV","isPartOf":{"@id":"https:\/\/m-e-e-r.de\/#website"},"datePublished":"2021-06-04T09:54:46+00:00","dateModified":"2023-11-22T09:17:37+00:00","author":{"@id":"https:\/\/m-e-e-r.de\/#\/schema\/person\/a189d0fda8066aab91ec1059463d2444"},"breadcrumb":{"@id":"https:\/\/m-e-e-r.de\/es\/de-luto-por-manolo-carrillo\/#breadcrumb"},"inLanguage":"es","potentialAction":[{"@type":"ReadAction","target":["https:\/\/m-e-e-r.de\/es\/de-luto-por-manolo-carrillo\/"]}]},{"@type":"BreadcrumbList","@id":"https:\/\/m-e-e-r.de\/es\/de-luto-por-manolo-carrillo\/#breadcrumb","itemListElement":[{"@type":"ListItem","position":1,"name":"Startseite","item":"https:\/\/m-e-e-r.de\/es\/"},{"@type":"ListItem","position":2,"name":"De luto por Manolo Carrillo"}]},{"@type":"WebSite","@id":"https:\/\/m-e-e-r.de\/#website","url":"https:\/\/m-e-e-r.de\/","name":"Verein zum Schutz der Wale und Delfine vor La Gomera","description":"Verein zum Schutz der Wale und Delfine vor La Gomera","potentialAction":[{"@type":"SearchAction","target":{"@type":"EntryPoint","urlTemplate":"https:\/\/m-e-e-r.de\/?s={search_term_string}"},"query-input":"required name=search_term_string"}],"inLanguage":"es"},{"@type":"Person","@id":"https:\/\/m-e-e-r.de\/#\/schema\/person\/a189d0fda8066aab91ec1059463d2444","name":"Christina Sommer","url":"https:\/\/m-e-e-r.de\/es\/author\/sommer\/"}]}},"_links":{"self":[{"href":"https:\/\/m-e-e-r.de\/es\/wp-json\/wp\/v2\/posts\/10049"}],"collection":[{"href":"https:\/\/m-e-e-r.de\/es\/wp-json\/wp\/v2\/posts"}],"about":[{"href":"https:\/\/m-e-e-r.de\/es\/wp-json\/wp\/v2\/types\/post"}],"author":[{"embeddable":true,"href":"https:\/\/m-e-e-r.de\/es\/wp-json\/wp\/v2\/users\/15"}],"replies":[{"embeddable":true,"href":"https:\/\/m-e-e-r.de\/es\/wp-json\/wp\/v2\/comments?post=10049"}],"version-history":[{"count":3,"href":"https:\/\/m-e-e-r.de\/es\/wp-json\/wp\/v2\/posts\/10049\/revisions"}],"predecessor-version":[{"id":11290,"href":"https:\/\/m-e-e-r.de\/es\/wp-json\/wp\/v2\/posts\/10049\/revisions\/11290"}],"wp:featuredmedia":[{"embeddable":true,"href":"https:\/\/m-e-e-r.de\/es\/wp-json\/wp\/v2\/media\/9828"}],"wp:attachment":[{"href":"https:\/\/m-e-e-r.de\/es\/wp-json\/wp\/v2\/media?parent=10049"}],"wp:term":[{"taxonomy":"category","embeddable":true,"href":"https:\/\/m-e-e-r.de\/es\/wp-json\/wp\/v2\/categories?post=10049"},{"taxonomy":"post_tag","embeddable":true,"href":"https:\/\/m-e-e-r.de\/es\/wp-json\/wp\/v2\/tags?post=10049"}],"curies":[{"name":"wp","href":"https:\/\/api.w.org\/{rel}","templated":true}]}}