{"id":5578,"date":"2015-10-30T17:53:50","date_gmt":"2015-10-30T16:53:50","guid":{"rendered":"https:\/\/m-e-e-r.de\/?p=5578"},"modified":"2021-03-20T22:32:37","modified_gmt":"2021-03-20T21:32:37","slug":"florecimiento-de-la-cooperacion-en-la-gomera","status":"publish","type":"post","link":"https:\/\/m-e-e-r.de\/es\/florecimiento-de-la-cooperacion-en-la-gomera\/","title":{"rendered":"Florecimiento de la cooperaci\u00f3n en La Gomera"},"content":{"rendered":"<p>\t\t\t\t<strong><a href=\"https:\/\/m-e-e-r.de\/wp-content\/uploads\/2016\/11\/volker1.jpg\"><img fetchpriority=\"high\" class=\"alignright size-medium wp-image-1929\" src=\"https:\/\/m-e-e-r.de\/wp-content\/uploads\/2016\/11\/volker1-300x200.jpg\" alt=\"volker1\" width=\"300\" height=\"200\" \/><\/a><\/strong><strong>La Gomera, octubre de 2015. <\/strong>La reuni\u00f3n de representantes de <strong>M.E.E.R e.V. \/ OCEANO<\/strong>, de la <strong>direcci\u00f3n del parque nacional Garajonay<\/strong> y de la uni\u00f3n de profesores del <strong>colegio de Borbal\u00e1n<\/strong> en La Gomera fue muy prometedora. Tanto los gerentes del parque nacional como el bi\u00f3logo y profesor de M.E.E.R. Volker Smit presentaron sus <strong>programas de formaci\u00f3n<\/strong> en breve y distribuyeron folletos y otro material.<\/p>\n<p>&nbsp;<\/p>\n<p>&nbsp;<\/p>\n<p><!--more--><\/p>\n<p><strong>Evaluaci\u00f3n conjunta<\/strong><\/p>\n<p><a href=\"https:\/\/m-e-e-r.de\/wp-content\/uploads\/2016\/11\/volker2.jpg\"><img class=\"alignright size-medium wp-image-1930\" src=\"https:\/\/m-e-e-r.de\/wp-content\/uploads\/2016\/11\/volker2-300x200.jpg\" alt=\"volker2\" width=\"300\" height=\"200\" \/><\/a>Al mismo tiempo aprovechamos de la oportunidad para evaluar el proyecto realizado a principios de octubre con casi 200 alumnas y alumnos. Ya se puede constatar que las actividades de las <strong>excursiones intermareales<\/strong> y las <strong>charlas en la sala de la exposici\u00f3n<\/strong> fueron muy bien recibidos, hubo aplauso de todos lados. Es un placer ver que los frutos de nuestros esfuerzos crecen cada a\u00f1o.<strong> \u00a1Hay planes para m\u00e1s campa\u00f1as!<\/strong><\/p>\n<p>&nbsp;\t\t<\/p>\n","protected":false},"excerpt":{"rendered":"<p>La Gomera, octubre de 2015. La reuni\u00f3n de representantes de M.E.E.R e.V. \/ OCEANO, de la direcci\u00f3n del parque nacional Garajonay y de la uni\u00f3n de profesores del colegio de Borbal\u00e1n en La Gomera fue muy prometedora. Tanto los gerentes del parque nacional como el bi\u00f3logo y profesor de M.E.E.R. Volker Smit presentaron sus programas&#8230; <\/p>\n<div class=\"clear\"><\/div>\n<p><a href=\"https:\/\/m-e-e-r.de\/es\/florecimiento-de-la-cooperacion-en-la-gomera\/\" class=\"excerpt-read-more\">Continue Reading<i class=\"fa fa-long-arrow-right icon-long-arrow-right\"><\/i><\/a><\/p>\n","protected":false},"author":7,"featured_media":0,"comment_status":"closed","ping_status":"closed","sticky":false,"template":"","format":"standard","meta":[],"categories":[62],"tags":[],"yoast_head":"<!-- This site is optimized with the Yoast SEO plugin v20.6 - https:\/\/yoast.com\/wordpress\/plugins\/seo\/ -->\n<title>Florecimiento de la cooperaci\u00f3n en La Gomera - MEER eV<\/title>\n<meta name=\"robots\" content=\"index, follow, max-snippet:-1, max-image-preview:large, max-video-preview:-1\" \/>\n<link rel=\"canonical\" href=\"https:\/\/m-e-e-r.de\/es\/florecimiento-de-la-cooperacion-en-la-gomera\/\" \/>\n<meta property=\"og:locale\" content=\"es_ES\" \/>\n<meta property=\"og:type\" content=\"article\" \/>\n<meta property=\"og:title\" content=\"Florecimiento de la cooperaci\u00f3n en La Gomera - MEER eV\" \/>\n<meta property=\"og:description\" content=\"La Gomera, octubre de 2015. La reuni\u00f3n de representantes de M.E.E.R e.V. \/ OCEANO, de la direcci\u00f3n del parque nacional Garajonay y de la uni\u00f3n de profesores del colegio de Borbal\u00e1n en La Gomera fue muy prometedora. Tanto los gerentes del parque nacional como el bi\u00f3logo y profesor de M.E.E.R. Volker Smit presentaron sus programas... Continue Reading\" \/>\n<meta property=\"og:url\" content=\"https:\/\/m-e-e-r.de\/es\/florecimiento-de-la-cooperacion-en-la-gomera\/\" \/>\n<meta property=\"og:site_name\" content=\"MEER eV\" \/>\n<meta property=\"article:publisher\" content=\"https:\/\/www.facebook.com\/meer.ev\/\" \/>\n<meta property=\"article:published_time\" content=\"2015-10-30T16:53:50+00:00\" \/>\n<meta property=\"article:modified_time\" content=\"2021-03-20T21:32:37+00:00\" \/>\n<meta property=\"og:image\" content=\"https:\/\/m-e-e-r.de\/wp-content\/uploads\/2016\/11\/volker1-300x200.jpg\" \/>\n<meta name=\"author\" content=\"Christina Sommer\" \/>\n<meta name=\"twitter:card\" content=\"summary_large_image\" \/>\n<meta name=\"twitter:label1\" content=\"Escrito por\" \/>\n\t<meta name=\"twitter:data1\" content=\"Christina Sommer\" \/>\n\t<meta name=\"twitter:label2\" content=\"Tiempo de lectura\" \/>\n\t<meta name=\"twitter:data2\" content=\"1 minuto\" \/>\n<script type=\"application\/ld+json\" class=\"yoast-schema-graph\">{\"@context\":\"https:\/\/schema.org\",\"@graph\":[{\"@type\":\"WebPage\",\"@id\":\"https:\/\/m-e-e-r.de\/es\/florecimiento-de-la-cooperacion-en-la-gomera\/\",\"url\":\"https:\/\/m-e-e-r.de\/es\/florecimiento-de-la-cooperacion-en-la-gomera\/\",\"name\":\"Florecimiento de la cooperaci\u00f3n en La Gomera - MEER eV\",\"isPartOf\":{\"@id\":\"https:\/\/m-e-e-r.de\/#website\"},\"datePublished\":\"2015-10-30T16:53:50+00:00\",\"dateModified\":\"2021-03-20T21:32:37+00:00\",\"author\":{\"@id\":\"https:\/\/m-e-e-r.de\/#\/schema\/person\/a02112877241c9dc8af45252bc3b257d\"},\"breadcrumb\":{\"@id\":\"https:\/\/m-e-e-r.de\/es\/florecimiento-de-la-cooperacion-en-la-gomera\/#breadcrumb\"},\"inLanguage\":\"es\",\"potentialAction\":[{\"@type\":\"ReadAction\",\"target\":[\"https:\/\/m-e-e-r.de\/es\/florecimiento-de-la-cooperacion-en-la-gomera\/\"]}]},{\"@type\":\"BreadcrumbList\",\"@id\":\"https:\/\/m-e-e-r.de\/es\/florecimiento-de-la-cooperacion-en-la-gomera\/#breadcrumb\",\"itemListElement\":[{\"@type\":\"ListItem\",\"position\":1,\"name\":\"Startseite\",\"item\":\"https:\/\/m-e-e-r.de\/es\/\"},{\"@type\":\"ListItem\",\"position\":2,\"name\":\"Florecimiento de la cooperaci\u00f3n en La Gomera\"}]},{\"@type\":\"WebSite\",\"@id\":\"https:\/\/m-e-e-r.de\/#website\",\"url\":\"https:\/\/m-e-e-r.de\/\",\"name\":\"Verein zum Schutz der Wale und Delfine vor La Gomera\",\"description\":\"Verein zum Schutz der Wale und Delfine vor La Gomera\",\"potentialAction\":[{\"@type\":\"SearchAction\",\"target\":{\"@type\":\"EntryPoint\",\"urlTemplate\":\"https:\/\/m-e-e-r.de\/?s={search_term_string}\"},\"query-input\":\"required name=search_term_string\"}],\"inLanguage\":\"es\"},{\"@type\":\"Person\",\"@id\":\"https:\/\/m-e-e-r.de\/#\/schema\/person\/a02112877241c9dc8af45252bc3b257d\",\"name\":\"Christina Sommer\",\"url\":\"https:\/\/m-e-e-r.de\/es\/author\/tina\/\"}]}<\/script>\n<!-- \/ Yoast SEO plugin. -->","yoast_head_json":{"title":"Florecimiento de la cooperaci\u00f3n en La Gomera - MEER eV","robots":{"index":"index","follow":"follow","max-snippet":"max-snippet:-1","max-image-preview":"max-image-preview:large","max-video-preview":"max-video-preview:-1"},"canonical":"https:\/\/m-e-e-r.de\/es\/florecimiento-de-la-cooperacion-en-la-gomera\/","og_locale":"es_ES","og_type":"article","og_title":"Florecimiento de la cooperaci\u00f3n en La Gomera - MEER eV","og_description":"La Gomera, octubre de 2015. La reuni\u00f3n de representantes de M.E.E.R e.V. \/ OCEANO, de la direcci\u00f3n del parque nacional Garajonay y de la uni\u00f3n de profesores del colegio de Borbal\u00e1n en La Gomera fue muy prometedora. Tanto los gerentes del parque nacional como el bi\u00f3logo y profesor de M.E.E.R. Volker Smit presentaron sus programas... Continue Reading","og_url":"https:\/\/m-e-e-r.de\/es\/florecimiento-de-la-cooperacion-en-la-gomera\/","og_site_name":"MEER eV","article_publisher":"https:\/\/www.facebook.com\/meer.ev\/","article_published_time":"2015-10-30T16:53:50+00:00","article_modified_time":"2021-03-20T21:32:37+00:00","og_image":[{"url":"https:\/\/m-e-e-r.de\/wp-content\/uploads\/2016\/11\/volker1-300x200.jpg"}],"author":"Christina Sommer","twitter_card":"summary_large_image","twitter_misc":{"Escrito por":"Christina Sommer","Tiempo de lectura":"1 minuto"},"schema":{"@context":"https:\/\/schema.org","@graph":[{"@type":"WebPage","@id":"https:\/\/m-e-e-r.de\/es\/florecimiento-de-la-cooperacion-en-la-gomera\/","url":"https:\/\/m-e-e-r.de\/es\/florecimiento-de-la-cooperacion-en-la-gomera\/","name":"Florecimiento de la cooperaci\u00f3n en La Gomera - MEER eV","isPartOf":{"@id":"https:\/\/m-e-e-r.de\/#website"},"datePublished":"2015-10-30T16:53:50+00:00","dateModified":"2021-03-20T21:32:37+00:00","author":{"@id":"https:\/\/m-e-e-r.de\/#\/schema\/person\/a02112877241c9dc8af45252bc3b257d"},"breadcrumb":{"@id":"https:\/\/m-e-e-r.de\/es\/florecimiento-de-la-cooperacion-en-la-gomera\/#breadcrumb"},"inLanguage":"es","potentialAction":[{"@type":"ReadAction","target":["https:\/\/m-e-e-r.de\/es\/florecimiento-de-la-cooperacion-en-la-gomera\/"]}]},{"@type":"BreadcrumbList","@id":"https:\/\/m-e-e-r.de\/es\/florecimiento-de-la-cooperacion-en-la-gomera\/#breadcrumb","itemListElement":[{"@type":"ListItem","position":1,"name":"Startseite","item":"https:\/\/m-e-e-r.de\/es\/"},{"@type":"ListItem","position":2,"name":"Florecimiento de la cooperaci\u00f3n en La Gomera"}]},{"@type":"WebSite","@id":"https:\/\/m-e-e-r.de\/#website","url":"https:\/\/m-e-e-r.de\/","name":"Verein zum Schutz der Wale und Delfine vor La Gomera","description":"Verein zum Schutz der Wale und Delfine vor La Gomera","potentialAction":[{"@type":"SearchAction","target":{"@type":"EntryPoint","urlTemplate":"https:\/\/m-e-e-r.de\/?s={search_term_string}"},"query-input":"required name=search_term_string"}],"inLanguage":"es"},{"@type":"Person","@id":"https:\/\/m-e-e-r.de\/#\/schema\/person\/a02112877241c9dc8af45252bc3b257d","name":"Christina Sommer","url":"https:\/\/m-e-e-r.de\/es\/author\/tina\/"}]}},"_links":{"self":[{"href":"https:\/\/m-e-e-r.de\/es\/wp-json\/wp\/v2\/posts\/5578"}],"collection":[{"href":"https:\/\/m-e-e-r.de\/es\/wp-json\/wp\/v2\/posts"}],"about":[{"href":"https:\/\/m-e-e-r.de\/es\/wp-json\/wp\/v2\/types\/post"}],"author":[{"embeddable":true,"href":"https:\/\/m-e-e-r.de\/es\/wp-json\/wp\/v2\/users\/7"}],"replies":[{"embeddable":true,"href":"https:\/\/m-e-e-r.de\/es\/wp-json\/wp\/v2\/comments?post=5578"}],"version-history":[{"count":1,"href":"https:\/\/m-e-e-r.de\/es\/wp-json\/wp\/v2\/posts\/5578\/revisions"}],"predecessor-version":[{"id":8388,"href":"https:\/\/m-e-e-r.de\/es\/wp-json\/wp\/v2\/posts\/5578\/revisions\/8388"}],"wp:attachment":[{"href":"https:\/\/m-e-e-r.de\/es\/wp-json\/wp\/v2\/media?parent=5578"}],"wp:term":[{"taxonomy":"category","embeddable":true,"href":"https:\/\/m-e-e-r.de\/es\/wp-json\/wp\/v2\/categories?post=5578"},{"taxonomy":"post_tag","embeddable":true,"href":"https:\/\/m-e-e-r.de\/es\/wp-json\/wp\/v2\/tags?post=5578"}],"curies":[{"name":"wp","href":"https:\/\/api.w.org\/{rel}","templated":true}]}}